{"id":992,"date":"2024-04-03T13:51:00","date_gmt":"2024-04-03T10:51:00","guid":{"rendered":"https:\/\/butaassos.com.tr\/?p=992"},"modified":"2024-06-05T11:18:59","modified_gmt":"2024-06-05T08:18:59","slug":"zeytinyagi-kilo-verme-iliskisi","status":"publish","type":"post","link":"https:\/\/butaassos.com.tr\/en\/zeytinyagi-kilo-verme-iliskisi\/","title":{"rendered":"Zeytinya\u011f\u0131: Sa\u011fl\u0131kl\u0131 Ya\u011f Se\u00e7imi ve Kilo Verme \u0130li\u015fkisi"},"content":{"rendered":"<h2>Zeytinya\u011f\u0131: Sa\u011fl\u0131kl\u0131 Ya\u011f Se\u00e7imi ve Kilo Verme \u0130li\u015fkisi<\/h2>\n<div class=\"w-full text-token-text-primary\" data-testid=\"conversation-turn-23\">\n<div class=\"px-4 py-2 justify-center text-base md:gap-6 m-auto\">\n<div class=\"flex flex-1 text-base mx-auto gap-3 md:px-5 lg:px-1 xl:px-5 md:max-w-3xl lg:max-w-[40rem] xl:max-w-[48rem] group\">\n<div class=\"relative flex w-full flex-col agent-turn\">\n<div class=\"flex-col gap-1 md:gap-3\">\n<div class=\"flex flex-grow flex-col max-w-full\">\n<div class=\"min-h-[20px] text-message flex flex-col items-start gap-3 whitespace-pre-wrap break-words [.text-message+&amp;]:mt-5 overflow-x-auto\" data-message-author-role=\"assistant\" data-message-id=\"bff72973-1709-4309-a550-969cb551eed9\">\n<div class=\"markdown prose w-full break-words dark:prose-invert dark\">\n<p>Sa\u011fl\u0131kl\u0131 beslenme ve kilo verme s\u00fcrecinde, ya\u011f t\u00fcketimi genellikle tart\u0131\u015fmal\u0131 bir konudur. Ancak, uzmanlar sa\u011fl\u0131kl\u0131 ya\u011f kaynaklar\u0131n\u0131n, \u00f6zellikle zeytinya\u011f\u0131n\u0131n, dengeli bir diyetin \u00f6nemli bir par\u00e7as\u0131 oldu\u011funu vurgularlar. \u0130\u015fte zeytinya\u011f\u0131 ve kilo verme aras\u0131ndaki ili\u015fkiyi ke\u015ffetmenin zaman\u0131 geldi.<\/p>\n<p><img loading=\"lazy\" decoding=\"async\" class=\"alignnone wp-image-406 size-medium\" src=\"https:\/\/butaassos.com.tr\/wp-content\/uploads\/2023\/12\/Polifenol-300x300.jpg\" alt=\"\" width=\"300\" height=\"300\" srcset=\"https:\/\/butaassos.com.tr\/wp-content\/uploads\/2023\/12\/Polifenol-300x300.jpg 300w, https:\/\/butaassos.com.tr\/wp-content\/uploads\/2023\/12\/Polifenol-150x150.jpg 150w, https:\/\/butaassos.com.tr\/wp-content\/uploads\/2023\/12\/Polifenol-600x600.jpg 600w, https:\/\/butaassos.com.tr\/wp-content\/uploads\/2023\/12\/Polifenol-1024x1024.jpg 1024w, https:\/\/butaassos.com.tr\/wp-content\/uploads\/2023\/12\/Polifenol-240x240.jpg 240w, https:\/\/butaassos.com.tr\/wp-content\/uploads\/2023\/12\/Polifenol-120x120.jpg 120w, https:\/\/butaassos.com.tr\/wp-content\/uploads\/2023\/12\/Polifenol-200x200.jpg 200w, https:\/\/butaassos.com.tr\/wp-content\/uploads\/2023\/12\/Polifenol-156x156.jpg 156w, https:\/\/butaassos.com.tr\/wp-content\/uploads\/2023\/12\/Polifenol.jpg 2000w\" sizes=\"auto, (max-width: 300px) 100vw, 300px\" \/><\/p>\n<h3><strong>Zeytinya\u011f\u0131n\u0131n Sa\u011fl\u0131kl\u0131 Ya\u011flarla Dolu Olmas\u0131<\/strong><\/h3>\n<p>Zeytinya\u011f\u0131, tekli doymam\u0131\u015f ya\u011f asitleri bak\u0131m\u0131ndan zengindir. Bu sa\u011fl\u0131kl\u0131 ya\u011flar, v\u00fccut i\u00e7in gerekli enerjinin sa\u011flanmas\u0131na yard\u0131mc\u0131 olurken, doymu\u015f ya\u011flara k\u0131yasla daha sa\u011fl\u0131kl\u0131 bir se\u00e7enektir. Ayn\u0131 zamanda, zeytinya\u011f\u0131 antioksidanlar bak\u0131m\u0131ndan da zengindir, bu da v\u00fccuttaki iltihaplanmay\u0131 azaltabilir ve kilo verme s\u00fcrecini destekleyebilir.<\/p>\n<h3><strong>Zeytinya\u011f\u0131n\u0131n Metabolizmay\u0131 H\u0131zland\u0131rmas\u0131<\/strong><\/h3>\n<p>Zeytinya\u011f\u0131 t\u00fcketimi, metabolizmay\u0131 h\u0131zland\u0131rabilir ve ya\u011f yak\u0131m\u0131n\u0131 art\u0131rabilir. \u0130\u00e7erdi\u011fi y\u00fcksek kaliteli ya\u011flar, v\u00fccudu doyururken ayn\u0131 zamanda enerji seviyelerini de dengelemeye yard\u0131mc\u0131 olur. Bu da, zeytinya\u011f\u0131 t\u00fcketiminin kilo verme s\u00fcrecinde etkili olmas\u0131n\u0131 sa\u011flar.<\/p>\n<h3><strong>Zeytinya\u011f\u0131n\u0131n Tokluk Hissini Art\u0131rmas\u0131<\/strong><\/h3>\n<p>Zeytinya\u011f\u0131, yemeklerde kullan\u0131ld\u0131\u011f\u0131nda tokluk hissini art\u0131rabilir. Bu sayede, daha az miktarda yiyecek t\u00fcketerek kilo verme \u00e7abalar\u0131n\u0131z\u0131 destekleyebilirsiniz. Zeytinya\u011f\u0131, salatalar\u0131n \u00fczerine d\u00f6k\u00fcld\u00fc\u011f\u00fcnde veya yemeklerde kullan\u0131ld\u0131\u011f\u0131nda, mideyi daha uzun s\u00fcre tok tutar ve a\u015f\u0131r\u0131 yeme e\u011filiminin \u00f6n\u00fcne ge\u00e7er.<\/p>\n<\/div>\n<h3><strong>Zeytinya\u011f\u0131n\u0131 Nas\u0131l Kullanabilirsiniz?<\/strong><\/h3>\n<p>Zeytinya\u011f\u0131n\u0131 diyetinizde \u00e7e\u015fitli \u015fekillerde kullanabilirsiniz. Salatalar\u0131n \u00fczerine d\u00f6kerek veya marinatlar ve soslar i\u00e7in kullanarak sa\u011fl\u0131kl\u0131 ya\u011f al\u0131m\u0131n\u0131z\u0131 art\u0131rabilirsiniz. Ayn\u0131 zamanda, zeytinya\u011f\u0131yla sebzeleri veya etleri pi\u015firerek de lezzetli yemekler haz\u0131rlayabilirsiniz. Ancak, zeytinya\u011f\u0131n\u0131 t\u00fcketirken porsiyon kontrol\u00fc yapmay\u0131 unutmamal\u0131s\u0131n\u0131z, \u00e7\u00fcnk\u00fc a\u015f\u0131r\u0131ya ka\u00e7mak her t\u00fcrl\u00fc ya\u011fda kalori al\u0131m\u0131n\u0131 art\u0131rabilir.<\/p>\n<h3><strong>Uzman Tavsiyeleri<\/strong><\/h3>\n<p>Kilo verme s\u00fcrecinde zeytinya\u011f\u0131n\u0131 do\u011fru \u015fekilde kullanmak i\u00e7in birka\u00e7 uzman tavsiyesi vard\u0131r. \u00d6ncelikle, y\u00fcksek kaliteli ve organik zeytinya\u011f\u0131 tercih etmek \u00f6nemlidir. <a href=\"\/en\/\">Kaliteli zeytinya\u011f\u0131n\u0131n<\/a> sa\u011fl\u0131k \u00fczerinde daha olumlu etkileri olabilir. Ayr\u0131ca, zeytinya\u011f\u0131n\u0131 pi\u015firme s\u0131ras\u0131nda y\u00fcksek \u0131s\u0131ya maruz b\u0131rakmamaya dikkat etmek ve m\u00fcmk\u00fcnse so\u011fuk kullanmak da \u00f6nerilir.<\/p>\n<\/div>\n<\/div>\n<\/div>\n<\/div>\n<\/div>\n<\/div>\n<\/div>","protected":false},"excerpt":{"rendered":"<p>Zeytinya\u011f\u0131: Sa\u011fl\u0131kl\u0131 Ya\u011f Se\u00e7imi ve Kilo Verme \u0130li\u015fkisi Sa\u011fl\u0131kl\u0131 beslenme ve kilo verme s\u00fcrecinde, ya\u011f t\u00fcketimi genellikle tart\u0131\u015fmal\u0131 bir konudur. Ancak, uzmanlar sa\u011fl\u0131kl\u0131 ya\u011f kaynaklar\u0131n\u0131n, \u00f6zellikle zeytinya\u011f\u0131n\u0131n, dengeli bir diyetin \u00f6nemli bir par\u00e7as\u0131 oldu\u011funu vurgularlar. \u0130\u015fte zeytinya\u011f\u0131 ve kilo verme aras\u0131ndaki ili\u015fkiyi ke\u015ffetmenin zaman\u0131 geldi. Zeytinya\u011f\u0131n\u0131n Sa\u011fl\u0131kl\u0131 Ya\u011flarla Dolu Olmas\u0131 Zeytinya\u011f\u0131, tekli doymam\u0131\u015f ya\u011f asitleri&#8230;<\/p>","protected":false},"author":2,"featured_media":410,"comment_status":"open","ping_status":"open","sticky":false,"template":"","format":"standard","meta":{"footnotes":""},"categories":[1],"tags":[],"class_list":["post-992","post","type-post","status-publish","format-standard","has-post-thumbnail","hentry","category-genel"],"yoast_head":"<!-- This site is optimized with the Yoast SEO plugin v23.8 - https:\/\/yoast.com\/wordpress\/plugins\/seo\/ -->\n<title>Zeytinya\u011f\u0131: Sa\u011fl\u0131kl\u0131 Ya\u011f Se\u00e7imi ve Kilo Verme \u0130li\u015fkisi - Buta Assos<\/title>\n<meta name=\"description\" content=\"Zeytinya\u011f\u0131: Sa\u011fl\u0131kl\u0131 Ya\u011f Se\u00e7imi ve Kilo Verme \u0130li\u015fkisi | Sa\u011fl\u0131kl\u0131 beslenme ve kilo verme s\u00fcrecinde, ya\u011f t\u00fcketimi genellikle...\" \/>\n<meta name=\"robots\" content=\"index, follow, max-snippet:-1, max-image-preview:large, max-video-preview:-1\" \/>\n<link rel=\"canonical\" href=\"https:\/\/butaassos.com.tr\/en\/zeytinyagi-kilo-verme-iliskisi\/\" \/>\n<meta property=\"og:locale\" content=\"en_US\" \/>\n<meta property=\"og:type\" content=\"article\" \/>\n<meta property=\"og:title\" content=\"Zeytinya\u011f\u0131: Sa\u011fl\u0131kl\u0131 Ya\u011f Se\u00e7imi ve Kilo Verme \u0130li\u015fkisi - Buta Assos\" \/>\n<meta property=\"og:description\" content=\"Zeytinya\u011f\u0131: Sa\u011fl\u0131kl\u0131 Ya\u011f Se\u00e7imi ve Kilo Verme \u0130li\u015fkisi | Sa\u011fl\u0131kl\u0131 beslenme ve kilo verme s\u00fcrecinde, ya\u011f t\u00fcketimi genellikle...\" \/>\n<meta property=\"og:url\" content=\"https:\/\/butaassos.com.tr\/en\/zeytinyagi-kilo-verme-iliskisi\/\" \/>\n<meta property=\"og:site_name\" content=\"Buta Assos\" \/>\n<meta property=\"article:published_time\" content=\"2024-04-03T10:51:00+00:00\" \/>\n<meta property=\"article:modified_time\" content=\"2024-06-05T08:18:59+00:00\" \/>\n<meta property=\"og:image\" content=\"https:\/\/butaassos.com.tr\/wp-content\/uploads\/2023\/12\/freyya-2-974x1024.jpg\" \/>\n\t<meta property=\"og:image:width\" content=\"974\" \/>\n\t<meta property=\"og:image:height\" content=\"1024\" \/>\n\t<meta property=\"og:image:type\" content=\"image\/jpeg\" \/>\n<meta name=\"author\" content=\"Buta Assos\" \/>\n<meta name=\"twitter:card\" content=\"summary_large_image\" \/>\n<meta name=\"twitter:label1\" content=\"Written by\" \/>\n\t<meta name=\"twitter:data1\" content=\"Buta Assos\" \/>\n\t<meta name=\"twitter:label2\" content=\"Est. reading time\" \/>\n\t<meta name=\"twitter:data2\" content=\"2 minutes\" \/>\n<script type=\"application\/ld+json\" class=\"yoast-schema-graph\">{\"@context\":\"https:\/\/schema.org\",\"@graph\":[{\"@type\":\"Article\",\"@id\":\"https:\/\/butaassos.com.tr\/zeytinyagi-kilo-verme-iliskisi\/#article\",\"isPartOf\":{\"@id\":\"https:\/\/butaassos.com.tr\/zeytinyagi-kilo-verme-iliskisi\/\"},\"author\":{\"name\":\"Buta Assos\",\"@id\":\"https:\/\/butaassos.com.tr\/#\/schema\/person\/985f0aec04e4efd39433f6ad6aab3438\"},\"headline\":\"Zeytinya\u011f\u0131: Sa\u011fl\u0131kl\u0131 Ya\u011f Se\u00e7imi ve Kilo Verme \u0130li\u015fkisi\",\"datePublished\":\"2024-04-03T10:51:00+00:00\",\"dateModified\":\"2024-06-05T08:18:59+00:00\",\"mainEntityOfPage\":{\"@id\":\"https:\/\/butaassos.com.tr\/zeytinyagi-kilo-verme-iliskisi\/\"},\"wordCount\":406,\"commentCount\":0,\"publisher\":{\"@id\":\"https:\/\/butaassos.com.tr\/#organization\"},\"image\":{\"@id\":\"https:\/\/butaassos.com.tr\/zeytinyagi-kilo-verme-iliskisi\/#primaryimage\"},\"thumbnailUrl\":\"https:\/\/butaassos.com.tr\/wp-content\/uploads\/2023\/12\/freyya-2.jpg\",\"articleSection\":[\"Genel\"],\"inLanguage\":\"en-US\",\"potentialAction\":[{\"@type\":\"CommentAction\",\"name\":\"Comment\",\"target\":[\"https:\/\/butaassos.com.tr\/zeytinyagi-kilo-verme-iliskisi\/#respond\"]}]},{\"@type\":\"WebPage\",\"@id\":\"https:\/\/butaassos.com.tr\/zeytinyagi-kilo-verme-iliskisi\/\",\"url\":\"https:\/\/butaassos.com.tr\/zeytinyagi-kilo-verme-iliskisi\/\",\"name\":\"Zeytinya\u011f\u0131: Sa\u011fl\u0131kl\u0131 Ya\u011f Se\u00e7imi ve Kilo Verme \u0130li\u015fkisi - Buta Assos\",\"isPartOf\":{\"@id\":\"https:\/\/butaassos.com.tr\/#website\"},\"primaryImageOfPage\":{\"@id\":\"https:\/\/butaassos.com.tr\/zeytinyagi-kilo-verme-iliskisi\/#primaryimage\"},\"image\":{\"@id\":\"https:\/\/butaassos.com.tr\/zeytinyagi-kilo-verme-iliskisi\/#primaryimage\"},\"thumbnailUrl\":\"https:\/\/butaassos.com.tr\/wp-content\/uploads\/2023\/12\/freyya-2.jpg\",\"datePublished\":\"2024-04-03T10:51:00+00:00\",\"dateModified\":\"2024-06-05T08:18:59+00:00\",\"description\":\"Zeytinya\u011f\u0131: Sa\u011fl\u0131kl\u0131 Ya\u011f Se\u00e7imi ve Kilo Verme \u0130li\u015fkisi | Sa\u011fl\u0131kl\u0131 beslenme ve kilo verme s\u00fcrecinde, ya\u011f t\u00fcketimi genellikle...\",\"breadcrumb\":{\"@id\":\"https:\/\/butaassos.com.tr\/zeytinyagi-kilo-verme-iliskisi\/#breadcrumb\"},\"inLanguage\":\"en-US\",\"potentialAction\":[{\"@type\":\"ReadAction\",\"target\":[\"https:\/\/butaassos.com.tr\/zeytinyagi-kilo-verme-iliskisi\/\"]}]},{\"@type\":\"ImageObject\",\"inLanguage\":\"en-US\",\"@id\":\"https:\/\/butaassos.com.tr\/zeytinyagi-kilo-verme-iliskisi\/#primaryimage\",\"url\":\"https:\/\/butaassos.com.tr\/wp-content\/uploads\/2023\/12\/freyya-2.jpg\",\"contentUrl\":\"https:\/\/butaassos.com.tr\/wp-content\/uploads\/2023\/12\/freyya-2.jpg\",\"width\":2160,\"height\":2271},{\"@type\":\"BreadcrumbList\",\"@id\":\"https:\/\/butaassos.com.tr\/zeytinyagi-kilo-verme-iliskisi\/#breadcrumb\",\"itemListElement\":[{\"@type\":\"ListItem\",\"position\":1,\"name\":\"Anasayfa\",\"item\":\"https:\/\/butaassos.com.tr\/\"},{\"@type\":\"ListItem\",\"position\":2,\"name\":\"Zeytinya\u011f\u0131: Sa\u011fl\u0131kl\u0131 Ya\u011f Se\u00e7imi ve Kilo Verme \u0130li\u015fkisi\"}]},{\"@type\":\"WebSite\",\"@id\":\"https:\/\/butaassos.com.tr\/#website\",\"url\":\"https:\/\/butaassos.com.tr\/\",\"name\":\"Buta Assos\",\"description\":\"\",\"publisher\":{\"@id\":\"https:\/\/butaassos.com.tr\/#organization\"},\"potentialAction\":[{\"@type\":\"SearchAction\",\"target\":{\"@type\":\"EntryPoint\",\"urlTemplate\":\"https:\/\/butaassos.com.tr\/?s={search_term_string}\"},\"query-input\":{\"@type\":\"PropertyValueSpecification\",\"valueRequired\":true,\"valueName\":\"search_term_string\"}}],\"inLanguage\":\"en-US\"},{\"@type\":\"Organization\",\"@id\":\"https:\/\/butaassos.com.tr\/#organization\",\"name\":\"Buta Assos\",\"url\":\"https:\/\/butaassos.com.tr\/\",\"logo\":{\"@type\":\"ImageObject\",\"inLanguage\":\"en-US\",\"@id\":\"https:\/\/butaassos.com.tr\/#\/schema\/logo\/image\/\",\"url\":\"https:\/\/butaassos.com.tr\/wp-content\/uploads\/2024\/01\/butaassosicon.png\",\"contentUrl\":\"https:\/\/butaassos.com.tr\/wp-content\/uploads\/2024\/01\/butaassosicon.png\",\"width\":512,\"height\":512,\"caption\":\"Buta Assos\"},\"image\":{\"@id\":\"https:\/\/butaassos.com.tr\/#\/schema\/logo\/image\/\"}},{\"@type\":\"Person\",\"@id\":\"https:\/\/butaassos.com.tr\/#\/schema\/person\/985f0aec04e4efd39433f6ad6aab3438\",\"name\":\"Buta Assos\",\"image\":{\"@type\":\"ImageObject\",\"inLanguage\":\"en-US\",\"@id\":\"https:\/\/butaassos.com.tr\/#\/schema\/person\/image\/\",\"url\":\"https:\/\/secure.gravatar.com\/avatar\/82db7721b8fdca3a12352ee5f313e78ecdf878272d28f72b4aed4ee3aa884654?s=96&d=mm&r=g\",\"contentUrl\":\"https:\/\/secure.gravatar.com\/avatar\/82db7721b8fdca3a12352ee5f313e78ecdf878272d28f72b4aed4ee3aa884654?s=96&d=mm&r=g\",\"caption\":\"Buta Assos\"},\"url\":\"https:\/\/butaassos.com.tr\/en\/author\/buta_admin\/\"}]}<\/script>\n<!-- \/ Yoast SEO plugin. -->","yoast_head_json":{"title":"Zeytinya\u011f\u0131: Sa\u011fl\u0131kl\u0131 Ya\u011f Se\u00e7imi ve Kilo Verme \u0130li\u015fkisi - Buta Assos","description":"Zeytinya\u011f\u0131: Sa\u011fl\u0131kl\u0131 Ya\u011f Se\u00e7imi ve Kilo Verme \u0130li\u015fkisi | Sa\u011fl\u0131kl\u0131 beslenme ve kilo verme s\u00fcrecinde, ya\u011f t\u00fcketimi genellikle...","robots":{"index":"index","follow":"follow","max-snippet":"max-snippet:-1","max-image-preview":"max-image-preview:large","max-video-preview":"max-video-preview:-1"},"canonical":"https:\/\/butaassos.com.tr\/en\/zeytinyagi-kilo-verme-iliskisi\/","og_locale":"en_US","og_type":"article","og_title":"Zeytinya\u011f\u0131: Sa\u011fl\u0131kl\u0131 Ya\u011f Se\u00e7imi ve Kilo Verme \u0130li\u015fkisi - Buta Assos","og_description":"Zeytinya\u011f\u0131: Sa\u011fl\u0131kl\u0131 Ya\u011f Se\u00e7imi ve Kilo Verme \u0130li\u015fkisi | Sa\u011fl\u0131kl\u0131 beslenme ve kilo verme s\u00fcrecinde, ya\u011f t\u00fcketimi genellikle...","og_url":"https:\/\/butaassos.com.tr\/en\/zeytinyagi-kilo-verme-iliskisi\/","og_site_name":"Buta Assos","article_published_time":"2024-04-03T10:51:00+00:00","article_modified_time":"2024-06-05T08:18:59+00:00","og_image":[{"width":974,"height":1024,"url":"https:\/\/butaassos.com.tr\/wp-content\/uploads\/2023\/12\/freyya-2-974x1024.jpg","type":"image\/jpeg"}],"author":"Buta Assos","twitter_card":"summary_large_image","twitter_misc":{"Written by":"Buta Assos","Est. reading time":"2 minutes"},"schema":{"@context":"https:\/\/schema.org","@graph":[{"@type":"Article","@id":"https:\/\/butaassos.com.tr\/zeytinyagi-kilo-verme-iliskisi\/#article","isPartOf":{"@id":"https:\/\/butaassos.com.tr\/zeytinyagi-kilo-verme-iliskisi\/"},"author":{"name":"Buta Assos","@id":"https:\/\/butaassos.com.tr\/#\/schema\/person\/985f0aec04e4efd39433f6ad6aab3438"},"headline":"Zeytinya\u011f\u0131: Sa\u011fl\u0131kl\u0131 Ya\u011f Se\u00e7imi ve Kilo Verme \u0130li\u015fkisi","datePublished":"2024-04-03T10:51:00+00:00","dateModified":"2024-06-05T08:18:59+00:00","mainEntityOfPage":{"@id":"https:\/\/butaassos.com.tr\/zeytinyagi-kilo-verme-iliskisi\/"},"wordCount":406,"commentCount":0,"publisher":{"@id":"https:\/\/butaassos.com.tr\/#organization"},"image":{"@id":"https:\/\/butaassos.com.tr\/zeytinyagi-kilo-verme-iliskisi\/#primaryimage"},"thumbnailUrl":"https:\/\/butaassos.com.tr\/wp-content\/uploads\/2023\/12\/freyya-2.jpg","articleSection":["Genel"],"inLanguage":"en-US","potentialAction":[{"@type":"CommentAction","name":"Comment","target":["https:\/\/butaassos.com.tr\/zeytinyagi-kilo-verme-iliskisi\/#respond"]}]},{"@type":"WebPage","@id":"https:\/\/butaassos.com.tr\/zeytinyagi-kilo-verme-iliskisi\/","url":"https:\/\/butaassos.com.tr\/zeytinyagi-kilo-verme-iliskisi\/","name":"Zeytinya\u011f\u0131: Sa\u011fl\u0131kl\u0131 Ya\u011f Se\u00e7imi ve Kilo Verme \u0130li\u015fkisi - Buta Assos","isPartOf":{"@id":"https:\/\/butaassos.com.tr\/#website"},"primaryImageOfPage":{"@id":"https:\/\/butaassos.com.tr\/zeytinyagi-kilo-verme-iliskisi\/#primaryimage"},"image":{"@id":"https:\/\/butaassos.com.tr\/zeytinyagi-kilo-verme-iliskisi\/#primaryimage"},"thumbnailUrl":"https:\/\/butaassos.com.tr\/wp-content\/uploads\/2023\/12\/freyya-2.jpg","datePublished":"2024-04-03T10:51:00+00:00","dateModified":"2024-06-05T08:18:59+00:00","description":"Zeytinya\u011f\u0131: Sa\u011fl\u0131kl\u0131 Ya\u011f Se\u00e7imi ve Kilo Verme \u0130li\u015fkisi | Sa\u011fl\u0131kl\u0131 beslenme ve kilo verme s\u00fcrecinde, ya\u011f t\u00fcketimi genellikle...","breadcrumb":{"@id":"https:\/\/butaassos.com.tr\/zeytinyagi-kilo-verme-iliskisi\/#breadcrumb"},"inLanguage":"en-US","potentialAction":[{"@type":"ReadAction","target":["https:\/\/butaassos.com.tr\/zeytinyagi-kilo-verme-iliskisi\/"]}]},{"@type":"ImageObject","inLanguage":"en-US","@id":"https:\/\/butaassos.com.tr\/zeytinyagi-kilo-verme-iliskisi\/#primaryimage","url":"https:\/\/butaassos.com.tr\/wp-content\/uploads\/2023\/12\/freyya-2.jpg","contentUrl":"https:\/\/butaassos.com.tr\/wp-content\/uploads\/2023\/12\/freyya-2.jpg","width":2160,"height":2271},{"@type":"BreadcrumbList","@id":"https:\/\/butaassos.com.tr\/zeytinyagi-kilo-verme-iliskisi\/#breadcrumb","itemListElement":[{"@type":"ListItem","position":1,"name":"Anasayfa","item":"https:\/\/butaassos.com.tr\/"},{"@type":"ListItem","position":2,"name":"Zeytinya\u011f\u0131: Sa\u011fl\u0131kl\u0131 Ya\u011f Se\u00e7imi ve Kilo Verme \u0130li\u015fkisi"}]},{"@type":"WebSite","@id":"https:\/\/butaassos.com.tr\/#website","url":"https:\/\/butaassos.com.tr\/","name":"Buta Assos","description":"","publisher":{"@id":"https:\/\/butaassos.com.tr\/#organization"},"potentialAction":[{"@type":"SearchAction","target":{"@type":"EntryPoint","urlTemplate":"https:\/\/butaassos.com.tr\/?s={search_term_string}"},"query-input":{"@type":"PropertyValueSpecification","valueRequired":true,"valueName":"search_term_string"}}],"inLanguage":"en-US"},{"@type":"Organization","@id":"https:\/\/butaassos.com.tr\/#organization","name":"Buta Assos","url":"https:\/\/butaassos.com.tr\/","logo":{"@type":"ImageObject","inLanguage":"en-US","@id":"https:\/\/butaassos.com.tr\/#\/schema\/logo\/image\/","url":"https:\/\/butaassos.com.tr\/wp-content\/uploads\/2024\/01\/butaassosicon.png","contentUrl":"https:\/\/butaassos.com.tr\/wp-content\/uploads\/2024\/01\/butaassosicon.png","width":512,"height":512,"caption":"Buta Assos"},"image":{"@id":"https:\/\/butaassos.com.tr\/#\/schema\/logo\/image\/"}},{"@type":"Person","@id":"https:\/\/butaassos.com.tr\/#\/schema\/person\/985f0aec04e4efd39433f6ad6aab3438","name":"Buta Assos","image":{"@type":"ImageObject","inLanguage":"en-US","@id":"https:\/\/butaassos.com.tr\/#\/schema\/person\/image\/","url":"https:\/\/secure.gravatar.com\/avatar\/82db7721b8fdca3a12352ee5f313e78ecdf878272d28f72b4aed4ee3aa884654?s=96&d=mm&r=g","contentUrl":"https:\/\/secure.gravatar.com\/avatar\/82db7721b8fdca3a12352ee5f313e78ecdf878272d28f72b4aed4ee3aa884654?s=96&d=mm&r=g","caption":"Buta Assos"},"url":"https:\/\/butaassos.com.tr\/en\/author\/buta_admin\/"}]}},"_links":{"self":[{"href":"https:\/\/butaassos.com.tr\/en\/wp-json\/wp\/v2\/posts\/992","targetHints":{"allow":["GET"]}}],"collection":[{"href":"https:\/\/butaassos.com.tr\/en\/wp-json\/wp\/v2\/posts"}],"about":[{"href":"https:\/\/butaassos.com.tr\/en\/wp-json\/wp\/v2\/types\/post"}],"author":[{"embeddable":true,"href":"https:\/\/butaassos.com.tr\/en\/wp-json\/wp\/v2\/users\/2"}],"replies":[{"embeddable":true,"href":"https:\/\/butaassos.com.tr\/en\/wp-json\/wp\/v2\/comments?post=992"}],"version-history":[{"count":3,"href":"https:\/\/butaassos.com.tr\/en\/wp-json\/wp\/v2\/posts\/992\/revisions"}],"predecessor-version":[{"id":1214,"href":"https:\/\/butaassos.com.tr\/en\/wp-json\/wp\/v2\/posts\/992\/revisions\/1214"}],"wp:featuredmedia":[{"embeddable":true,"href":"https:\/\/butaassos.com.tr\/en\/wp-json\/wp\/v2\/media\/410"}],"wp:attachment":[{"href":"https:\/\/butaassos.com.tr\/en\/wp-json\/wp\/v2\/media?parent=992"}],"wp:term":[{"taxonomy":"category","embeddable":true,"href":"https:\/\/butaassos.com.tr\/en\/wp-json\/wp\/v2\/categories?post=992"},{"taxonomy":"post_tag","embeddable":true,"href":"https:\/\/butaassos.com.tr\/en\/wp-json\/wp\/v2\/tags?post=992"}],"curies":[{"name":"wp","href":"https:\/\/api.w.org\/{rel}","templated":true}]}}