{"id":1111,"date":"2024-05-10T10:52:53","date_gmt":"2024-05-10T07:52:53","guid":{"rendered":"https:\/\/butaassos.com.tr\/?p=1111"},"modified":"2024-05-10T10:52:53","modified_gmt":"2024-05-10T07:52:53","slug":"zeytinyagi-ile-hazirlanan-kabakli-firin-yemegi","status":"publish","type":"post","link":"https:\/\/butaassos.com.tr\/en\/zeytinyagi-ile-hazirlanan-kabakli-firin-yemegi\/","title":{"rendered":"Zeytinya\u011f\u0131 \u0130le Haz\u0131rlanan Kabakl\u0131 F\u0131r\u0131n Yeme\u011fi Tarifi"},"content":{"rendered":"<h2>Zeytinya\u011f\u0131 \u0130le Haz\u0131rlanan Kabakl\u0131 F\u0131r\u0131n Yeme\u011fi Tarifi<\/h2>\n<p>Kabakl\u0131 f\u0131r\u0131n yeme\u011fi tarifimize ho\u015f geldiniz.<\/p>\n<p><img loading=\"lazy\" decoding=\"async\" class=\"alignnone  wp-image-1112\" src=\"https:\/\/butaassos.com.tr\/wp-content\/uploads\/2024\/05\/kabak-yemegi-onecikan-300x200.jpg\" alt=\"kabakl\u0131 f\u0131r\u0131n yeme\u011fi\" width=\"503\" height=\"335\" srcset=\"https:\/\/butaassos.com.tr\/wp-content\/uploads\/2024\/05\/kabak-yemegi-onecikan-300x200.jpg 300w, https:\/\/butaassos.com.tr\/wp-content\/uploads\/2024\/05\/kabak-yemegi-onecikan-1024x682.jpg 1024w, https:\/\/butaassos.com.tr\/wp-content\/uploads\/2024\/05\/kabak-yemegi-onecikan-240x160.jpg 240w, https:\/\/butaassos.com.tr\/wp-content\/uploads\/2024\/05\/kabak-yemegi-onecikan-120x80.jpg 120w, https:\/\/butaassos.com.tr\/wp-content\/uploads\/2024\/05\/kabak-yemegi-onecikan-200x133.jpg 200w, https:\/\/butaassos.com.tr\/wp-content\/uploads\/2024\/05\/kabak-yemegi-onecikan-600x400.jpg 600w, https:\/\/butaassos.com.tr\/wp-content\/uploads\/2024\/05\/kabak-yemegi-onecikan.jpg 1250w\" sizes=\"auto, (max-width: 503px) 100vw, 503px\" \/><\/p>\n<p>Kabak, hem sa\u011fl\u0131kl\u0131 hem de \u00e7ok y\u00f6nl\u00fc bir sebzedir. Bu tarifte, kabaklar\u0131 lezzetli bir f\u0131r\u0131n yeme\u011fi haline getirmek i\u00e7in zeytinya\u011f\u0131 kullanaca\u011f\u0131z. Buta Assos&#8217;un kaliteli zeytinya\u011flar\u0131yla haz\u0131rlayaca\u011f\u0131m\u0131z bu tarif, sofralar\u0131n\u0131za sa\u011fl\u0131k ve lezzet katacak!<\/p>\n<h3><strong>Malzemeler:<\/strong><\/h3>\n<ul>\n<li>3 adet orta boy kabak<\/li>\n<li>1 b\u00fcy\u00fck so\u011fan<\/li>\n<li>2 di\u015f sar\u0131msak<\/li>\n<li>2 yemek ka\u015f\u0131\u011f\u0131 s\u0131zma zeytinya\u011f\u0131 (Buta Assos&#8217;un enfes se\u00e7eneklerinden biri)<\/li>\n<li>Tuz ve karabiber<\/li>\n<li>\u0130ste\u011fe ba\u011fl\u0131 olarak rendelenmi\u015f ka\u015far peyniri veya lor peyniri (\u00fczeri i\u00e7in)<\/li>\n<\/ul>\n<h3><strong>Kabakl\u0131 F\u0131r\u0131n Yeme\u011fi Yap\u0131l\u0131\u015f\u0131:<\/strong><\/h3>\n<ol>\n<li>\u00d6ncelikle f\u0131r\u0131n\u0131 180\u00b0C (356\u00b0F) derecede \u0131s\u0131t\u0131n.<\/li>\n<li>Kabaklar\u0131 y\u0131kay\u0131n, u\u00e7lar\u0131n\u0131 kesin ve kabuklar\u0131n\u0131 soyun. Ard\u0131ndan kabaklar\u0131 halka veya yar\u0131 halka \u015feklinde dilimleyin.<\/li>\n<li>So\u011fan\u0131 ve sar\u0131msaklar\u0131 ince ince do\u011fray\u0131n.<\/li>\n<li>F\u0131r\u0131n kab\u0131n\u0131 ya\u011flay\u0131n ve dilimledi\u011finiz kabaklar\u0131 d\u00fczg\u00fcn bir \u015fekilde tabana yerle\u015ftirin.<\/li>\n<li>\u00dczerine do\u011frad\u0131\u011f\u0131n\u0131z so\u011fan ve sar\u0131msaklar\u0131 serpi\u015ftirin.<\/li>\n<li>S\u0131zma zeytinya\u011f\u0131n\u0131 kabaklar\u0131n \u00fczerine gezdirin. Zeytinya\u011f\u0131, yeme\u011fin lezzetini art\u0131racak ve kabaklar\u0131 daha da nefis yapacak.<\/li>\n<li>Tuz ve karabiberi serpi\u015ftirin, isterseniz di\u011fer baharatlar\u0131 da ekleyebilirsiniz.<\/li>\n<li>F\u0131r\u0131n kab\u0131n\u0131 \u00f6nceden \u0131s\u0131t\u0131lm\u0131\u015f f\u0131r\u0131na verin ve kabaklar yumu\u015fayana kadar yakla\u015f\u0131k 25-30 dakika pi\u015firin.<\/li>\n<li>Pi\u015ftikten sonra f\u0131r\u0131ndan \u00e7\u0131kar\u0131n ve iste\u011fe ba\u011fl\u0131 olarak \u00fczerine rendelenmi\u015f ka\u015far peyniri veya lor peyniri serpi\u015ftirin.<\/li>\n<li>Peynirler eriyene kadar tekrar f\u0131r\u0131na verin ve peynirler alt\u0131n rengi olana kadar yakla\u015f\u0131k 10 dakika daha pi\u015firin.<\/li>\n<li>F\u0131r\u0131ndan \u00e7\u0131kard\u0131ktan sonra birka\u00e7 dakika dinlendirin ve ard\u0131ndan dilimleyerek servis yap\u0131n.<\/li>\n<\/ol>\n<p>Bu sa\u011fl\u0131kl\u0131 ve lezzetli kabakl\u0131 f\u0131r\u0131n yeme\u011fi, hem ana yemek olarak hem de yan\u0131nda servis edebilece\u011finiz sa\u011fl\u0131kl\u0131 bir se\u00e7enek olacakt\u0131r. <a href=\"\/en\/\">Buta Assos<\/a>&#8216;un kaliteli zeytinya\u011f\u0131 ile haz\u0131rlanan bu tarif, sofralar\u0131n\u0131za sa\u011fl\u0131k ve lezzet katacak!<\/p>","protected":false},"excerpt":{"rendered":"<p>Zeytinya\u011f\u0131 \u0130le Haz\u0131rlanan Kabakl\u0131 F\u0131r\u0131n Yeme\u011fi Tarifi Kabakl\u0131 f\u0131r\u0131n yeme\u011fi tarifimize ho\u015f geldiniz. Kabak, hem sa\u011fl\u0131kl\u0131 hem de \u00e7ok y\u00f6nl\u00fc bir sebzedir. Bu tarifte, kabaklar\u0131 lezzetli bir f\u0131r\u0131n yeme\u011fi haline getirmek i\u00e7in zeytinya\u011f\u0131 kullanaca\u011f\u0131z. Buta Assos&#8217;un kaliteli zeytinya\u011flar\u0131yla haz\u0131rlayaca\u011f\u0131m\u0131z bu tarif, sofralar\u0131n\u0131za sa\u011fl\u0131k ve lezzet katacak! Malzemeler: 3 adet orta boy kabak 1 b\u00fcy\u00fck so\u011fan&#8230;<\/p>","protected":false},"author":2,"featured_media":1112,"comment_status":"open","ping_status":"open","sticky":false,"template":"","format":"standard","meta":{"footnotes":""},"categories":[1],"tags":[],"class_list":["post-1111","post","type-post","status-publish","format-standard","has-post-thumbnail","hentry","category-genel"],"yoast_head":"<!-- This site is optimized with the Yoast SEO plugin v23.8 - https:\/\/yoast.com\/wordpress\/plugins\/seo\/ -->\n<title>Zeytinya\u011f\u0131 \u0130le Haz\u0131rlanan Kabakl\u0131 F\u0131r\u0131n Yeme\u011fi Tarifi - Buta Assos<\/title>\n<meta name=\"description\" content=\"Zeytinya\u011f\u0131 \u0130le Haz\u0131rlanan Kabakl\u0131 F\u0131r\u0131n Yeme\u011fi Tarifi: Kabak, hem sa\u011fl\u0131kl\u0131 hem de \u00e7ok y\u00f6nl\u00fc bir sebzedir. Bu tarifte, kabaklar\u0131 lezzetli...\" \/>\n<meta name=\"robots\" content=\"index, follow, max-snippet:-1, max-image-preview:large, max-video-preview:-1\" \/>\n<link rel=\"canonical\" href=\"https:\/\/butaassos.com.tr\/en\/zeytinyagi-ile-hazirlanan-kabakli-firin-yemegi\/\" \/>\n<meta property=\"og:locale\" content=\"en_US\" \/>\n<meta property=\"og:type\" content=\"article\" \/>\n<meta property=\"og:title\" content=\"Zeytinya\u011f\u0131 \u0130le Haz\u0131rlanan Kabakl\u0131 F\u0131r\u0131n Yeme\u011fi Tarifi - Buta Assos\" \/>\n<meta property=\"og:description\" content=\"Zeytinya\u011f\u0131 \u0130le Haz\u0131rlanan Kabakl\u0131 F\u0131r\u0131n Yeme\u011fi Tarifi: Kabak, hem sa\u011fl\u0131kl\u0131 hem de \u00e7ok y\u00f6nl\u00fc bir sebzedir. Bu tarifte, kabaklar\u0131 lezzetli...\" \/>\n<meta property=\"og:url\" content=\"https:\/\/butaassos.com.tr\/en\/zeytinyagi-ile-hazirlanan-kabakli-firin-yemegi\/\" \/>\n<meta property=\"og:site_name\" content=\"Buta Assos\" \/>\n<meta property=\"article:published_time\" content=\"2024-05-10T07:52:53+00:00\" \/>\n<meta property=\"og:image\" content=\"https:\/\/butaassos.com.tr\/wp-content\/uploads\/2024\/05\/kabak-yemegi-onecikan.jpg\" \/>\n\t<meta property=\"og:image:width\" content=\"1250\" \/>\n\t<meta property=\"og:image:height\" content=\"833\" \/>\n\t<meta property=\"og:image:type\" content=\"image\/jpeg\" \/>\n<meta name=\"author\" content=\"Buta Assos\" \/>\n<meta name=\"twitter:card\" content=\"summary_large_image\" \/>\n<meta name=\"twitter:label1\" content=\"Written by\" \/>\n\t<meta name=\"twitter:data1\" content=\"Buta Assos\" \/>\n\t<meta name=\"twitter:label2\" content=\"Est. reading time\" \/>\n\t<meta name=\"twitter:data2\" content=\"2 minutes\" \/>\n<script type=\"application\/ld+json\" class=\"yoast-schema-graph\">{\"@context\":\"https:\/\/schema.org\",\"@graph\":[{\"@type\":\"Article\",\"@id\":\"https:\/\/butaassos.com.tr\/zeytinyagi-ile-hazirlanan-kabakli-firin-yemegi\/#article\",\"isPartOf\":{\"@id\":\"https:\/\/butaassos.com.tr\/zeytinyagi-ile-hazirlanan-kabakli-firin-yemegi\/\"},\"author\":{\"name\":\"Buta Assos\",\"@id\":\"https:\/\/butaassos.com.tr\/#\/schema\/person\/985f0aec04e4efd39433f6ad6aab3438\"},\"headline\":\"Zeytinya\u011f\u0131 \u0130le Haz\u0131rlanan Kabakl\u0131 F\u0131r\u0131n Yeme\u011fi Tarifi\",\"datePublished\":\"2024-05-10T07:52:53+00:00\",\"dateModified\":\"2024-05-10T07:52:53+00:00\",\"mainEntityOfPage\":{\"@id\":\"https:\/\/butaassos.com.tr\/zeytinyagi-ile-hazirlanan-kabakli-firin-yemegi\/\"},\"wordCount\":372,\"commentCount\":0,\"publisher\":{\"@id\":\"https:\/\/butaassos.com.tr\/#organization\"},\"image\":{\"@id\":\"https:\/\/butaassos.com.tr\/zeytinyagi-ile-hazirlanan-kabakli-firin-yemegi\/#primaryimage\"},\"thumbnailUrl\":\"https:\/\/butaassos.com.tr\/wp-content\/uploads\/2024\/05\/kabak-yemegi-onecikan.jpg\",\"articleSection\":[\"Genel\"],\"inLanguage\":\"en-US\",\"potentialAction\":[{\"@type\":\"CommentAction\",\"name\":\"Comment\",\"target\":[\"https:\/\/butaassos.com.tr\/zeytinyagi-ile-hazirlanan-kabakli-firin-yemegi\/#respond\"]}]},{\"@type\":\"WebPage\",\"@id\":\"https:\/\/butaassos.com.tr\/zeytinyagi-ile-hazirlanan-kabakli-firin-yemegi\/\",\"url\":\"https:\/\/butaassos.com.tr\/zeytinyagi-ile-hazirlanan-kabakli-firin-yemegi\/\",\"name\":\"Zeytinya\u011f\u0131 \u0130le Haz\u0131rlanan Kabakl\u0131 F\u0131r\u0131n Yeme\u011fi Tarifi - Buta Assos\",\"isPartOf\":{\"@id\":\"https:\/\/butaassos.com.tr\/#website\"},\"primaryImageOfPage\":{\"@id\":\"https:\/\/butaassos.com.tr\/zeytinyagi-ile-hazirlanan-kabakli-firin-yemegi\/#primaryimage\"},\"image\":{\"@id\":\"https:\/\/butaassos.com.tr\/zeytinyagi-ile-hazirlanan-kabakli-firin-yemegi\/#primaryimage\"},\"thumbnailUrl\":\"https:\/\/butaassos.com.tr\/wp-content\/uploads\/2024\/05\/kabak-yemegi-onecikan.jpg\",\"datePublished\":\"2024-05-10T07:52:53+00:00\",\"dateModified\":\"2024-05-10T07:52:53+00:00\",\"description\":\"Zeytinya\u011f\u0131 \u0130le Haz\u0131rlanan Kabakl\u0131 F\u0131r\u0131n Yeme\u011fi Tarifi: Kabak, hem sa\u011fl\u0131kl\u0131 hem de \u00e7ok y\u00f6nl\u00fc bir sebzedir. Bu tarifte, kabaklar\u0131 lezzetli...\",\"breadcrumb\":{\"@id\":\"https:\/\/butaassos.com.tr\/zeytinyagi-ile-hazirlanan-kabakli-firin-yemegi\/#breadcrumb\"},\"inLanguage\":\"en-US\",\"potentialAction\":[{\"@type\":\"ReadAction\",\"target\":[\"https:\/\/butaassos.com.tr\/zeytinyagi-ile-hazirlanan-kabakli-firin-yemegi\/\"]}]},{\"@type\":\"ImageObject\",\"inLanguage\":\"en-US\",\"@id\":\"https:\/\/butaassos.com.tr\/zeytinyagi-ile-hazirlanan-kabakli-firin-yemegi\/#primaryimage\",\"url\":\"https:\/\/butaassos.com.tr\/wp-content\/uploads\/2024\/05\/kabak-yemegi-onecikan.jpg\",\"contentUrl\":\"https:\/\/butaassos.com.tr\/wp-content\/uploads\/2024\/05\/kabak-yemegi-onecikan.jpg\",\"width\":1250,\"height\":833,\"caption\":\"kabakl\u0131 f\u0131r\u0131n yeme\u011fi\"},{\"@type\":\"BreadcrumbList\",\"@id\":\"https:\/\/butaassos.com.tr\/zeytinyagi-ile-hazirlanan-kabakli-firin-yemegi\/#breadcrumb\",\"itemListElement\":[{\"@type\":\"ListItem\",\"position\":1,\"name\":\"Anasayfa\",\"item\":\"https:\/\/butaassos.com.tr\/\"},{\"@type\":\"ListItem\",\"position\":2,\"name\":\"Zeytinya\u011f\u0131 \u0130le Haz\u0131rlanan Kabakl\u0131 F\u0131r\u0131n Yeme\u011fi Tarifi\"}]},{\"@type\":\"WebSite\",\"@id\":\"https:\/\/butaassos.com.tr\/#website\",\"url\":\"https:\/\/butaassos.com.tr\/\",\"name\":\"Buta Assos\",\"description\":\"\",\"publisher\":{\"@id\":\"https:\/\/butaassos.com.tr\/#organization\"},\"potentialAction\":[{\"@type\":\"SearchAction\",\"target\":{\"@type\":\"EntryPoint\",\"urlTemplate\":\"https:\/\/butaassos.com.tr\/?s={search_term_string}\"},\"query-input\":{\"@type\":\"PropertyValueSpecification\",\"valueRequired\":true,\"valueName\":\"search_term_string\"}}],\"inLanguage\":\"en-US\"},{\"@type\":\"Organization\",\"@id\":\"https:\/\/butaassos.com.tr\/#organization\",\"name\":\"Buta Assos\",\"url\":\"https:\/\/butaassos.com.tr\/\",\"logo\":{\"@type\":\"ImageObject\",\"inLanguage\":\"en-US\",\"@id\":\"https:\/\/butaassos.com.tr\/#\/schema\/logo\/image\/\",\"url\":\"https:\/\/butaassos.com.tr\/wp-content\/uploads\/2024\/01\/butaassosicon.png\",\"contentUrl\":\"https:\/\/butaassos.com.tr\/wp-content\/uploads\/2024\/01\/butaassosicon.png\",\"width\":512,\"height\":512,\"caption\":\"Buta Assos\"},\"image\":{\"@id\":\"https:\/\/butaassos.com.tr\/#\/schema\/logo\/image\/\"}},{\"@type\":\"Person\",\"@id\":\"https:\/\/butaassos.com.tr\/#\/schema\/person\/985f0aec04e4efd39433f6ad6aab3438\",\"name\":\"Buta Assos\",\"image\":{\"@type\":\"ImageObject\",\"inLanguage\":\"en-US\",\"@id\":\"https:\/\/butaassos.com.tr\/#\/schema\/person\/image\/\",\"url\":\"https:\/\/secure.gravatar.com\/avatar\/82db7721b8fdca3a12352ee5f313e78ecdf878272d28f72b4aed4ee3aa884654?s=96&d=mm&r=g\",\"contentUrl\":\"https:\/\/secure.gravatar.com\/avatar\/82db7721b8fdca3a12352ee5f313e78ecdf878272d28f72b4aed4ee3aa884654?s=96&d=mm&r=g\",\"caption\":\"Buta Assos\"},\"url\":\"https:\/\/butaassos.com.tr\/en\/author\/buta_admin\/\"}]}<\/script>\n<!-- \/ Yoast SEO plugin. -->","yoast_head_json":{"title":"Zeytinya\u011f\u0131 \u0130le Haz\u0131rlanan Kabakl\u0131 F\u0131r\u0131n Yeme\u011fi Tarifi - Buta Assos","description":"Zeytinya\u011f\u0131 \u0130le Haz\u0131rlanan Kabakl\u0131 F\u0131r\u0131n Yeme\u011fi Tarifi: Kabak, hem sa\u011fl\u0131kl\u0131 hem de \u00e7ok y\u00f6nl\u00fc bir sebzedir. Bu tarifte, kabaklar\u0131 lezzetli...","robots":{"index":"index","follow":"follow","max-snippet":"max-snippet:-1","max-image-preview":"max-image-preview:large","max-video-preview":"max-video-preview:-1"},"canonical":"https:\/\/butaassos.com.tr\/en\/zeytinyagi-ile-hazirlanan-kabakli-firin-yemegi\/","og_locale":"en_US","og_type":"article","og_title":"Zeytinya\u011f\u0131 \u0130le Haz\u0131rlanan Kabakl\u0131 F\u0131r\u0131n Yeme\u011fi Tarifi - Buta Assos","og_description":"Zeytinya\u011f\u0131 \u0130le Haz\u0131rlanan Kabakl\u0131 F\u0131r\u0131n Yeme\u011fi Tarifi: Kabak, hem sa\u011fl\u0131kl\u0131 hem de \u00e7ok y\u00f6nl\u00fc bir sebzedir. Bu tarifte, kabaklar\u0131 lezzetli...","og_url":"https:\/\/butaassos.com.tr\/en\/zeytinyagi-ile-hazirlanan-kabakli-firin-yemegi\/","og_site_name":"Buta Assos","article_published_time":"2024-05-10T07:52:53+00:00","og_image":[{"width":1250,"height":833,"url":"https:\/\/butaassos.com.tr\/wp-content\/uploads\/2024\/05\/kabak-yemegi-onecikan.jpg","type":"image\/jpeg"}],"author":"Buta Assos","twitter_card":"summary_large_image","twitter_misc":{"Written by":"Buta Assos","Est. reading time":"2 minutes"},"schema":{"@context":"https:\/\/schema.org","@graph":[{"@type":"Article","@id":"https:\/\/butaassos.com.tr\/zeytinyagi-ile-hazirlanan-kabakli-firin-yemegi\/#article","isPartOf":{"@id":"https:\/\/butaassos.com.tr\/zeytinyagi-ile-hazirlanan-kabakli-firin-yemegi\/"},"author":{"name":"Buta Assos","@id":"https:\/\/butaassos.com.tr\/#\/schema\/person\/985f0aec04e4efd39433f6ad6aab3438"},"headline":"Zeytinya\u011f\u0131 \u0130le Haz\u0131rlanan Kabakl\u0131 F\u0131r\u0131n Yeme\u011fi Tarifi","datePublished":"2024-05-10T07:52:53+00:00","dateModified":"2024-05-10T07:52:53+00:00","mainEntityOfPage":{"@id":"https:\/\/butaassos.com.tr\/zeytinyagi-ile-hazirlanan-kabakli-firin-yemegi\/"},"wordCount":372,"commentCount":0,"publisher":{"@id":"https:\/\/butaassos.com.tr\/#organization"},"image":{"@id":"https:\/\/butaassos.com.tr\/zeytinyagi-ile-hazirlanan-kabakli-firin-yemegi\/#primaryimage"},"thumbnailUrl":"https:\/\/butaassos.com.tr\/wp-content\/uploads\/2024\/05\/kabak-yemegi-onecikan.jpg","articleSection":["Genel"],"inLanguage":"en-US","potentialAction":[{"@type":"CommentAction","name":"Comment","target":["https:\/\/butaassos.com.tr\/zeytinyagi-ile-hazirlanan-kabakli-firin-yemegi\/#respond"]}]},{"@type":"WebPage","@id":"https:\/\/butaassos.com.tr\/zeytinyagi-ile-hazirlanan-kabakli-firin-yemegi\/","url":"https:\/\/butaassos.com.tr\/zeytinyagi-ile-hazirlanan-kabakli-firin-yemegi\/","name":"Zeytinya\u011f\u0131 \u0130le Haz\u0131rlanan Kabakl\u0131 F\u0131r\u0131n Yeme\u011fi Tarifi - Buta Assos","isPartOf":{"@id":"https:\/\/butaassos.com.tr\/#website"},"primaryImageOfPage":{"@id":"https:\/\/butaassos.com.tr\/zeytinyagi-ile-hazirlanan-kabakli-firin-yemegi\/#primaryimage"},"image":{"@id":"https:\/\/butaassos.com.tr\/zeytinyagi-ile-hazirlanan-kabakli-firin-yemegi\/#primaryimage"},"thumbnailUrl":"https:\/\/butaassos.com.tr\/wp-content\/uploads\/2024\/05\/kabak-yemegi-onecikan.jpg","datePublished":"2024-05-10T07:52:53+00:00","dateModified":"2024-05-10T07:52:53+00:00","description":"Zeytinya\u011f\u0131 \u0130le Haz\u0131rlanan Kabakl\u0131 F\u0131r\u0131n Yeme\u011fi Tarifi: Kabak, hem sa\u011fl\u0131kl\u0131 hem de \u00e7ok y\u00f6nl\u00fc bir sebzedir. Bu tarifte, kabaklar\u0131 lezzetli...","breadcrumb":{"@id":"https:\/\/butaassos.com.tr\/zeytinyagi-ile-hazirlanan-kabakli-firin-yemegi\/#breadcrumb"},"inLanguage":"en-US","potentialAction":[{"@type":"ReadAction","target":["https:\/\/butaassos.com.tr\/zeytinyagi-ile-hazirlanan-kabakli-firin-yemegi\/"]}]},{"@type":"ImageObject","inLanguage":"en-US","@id":"https:\/\/butaassos.com.tr\/zeytinyagi-ile-hazirlanan-kabakli-firin-yemegi\/#primaryimage","url":"https:\/\/butaassos.com.tr\/wp-content\/uploads\/2024\/05\/kabak-yemegi-onecikan.jpg","contentUrl":"https:\/\/butaassos.com.tr\/wp-content\/uploads\/2024\/05\/kabak-yemegi-onecikan.jpg","width":1250,"height":833,"caption":"kabakl\u0131 f\u0131r\u0131n yeme\u011fi"},{"@type":"BreadcrumbList","@id":"https:\/\/butaassos.com.tr\/zeytinyagi-ile-hazirlanan-kabakli-firin-yemegi\/#breadcrumb","itemListElement":[{"@type":"ListItem","position":1,"name":"Anasayfa","item":"https:\/\/butaassos.com.tr\/"},{"@type":"ListItem","position":2,"name":"Zeytinya\u011f\u0131 \u0130le Haz\u0131rlanan Kabakl\u0131 F\u0131r\u0131n Yeme\u011fi Tarifi"}]},{"@type":"WebSite","@id":"https:\/\/butaassos.com.tr\/#website","url":"https:\/\/butaassos.com.tr\/","name":"Buta Assos","description":"","publisher":{"@id":"https:\/\/butaassos.com.tr\/#organization"},"potentialAction":[{"@type":"SearchAction","target":{"@type":"EntryPoint","urlTemplate":"https:\/\/butaassos.com.tr\/?s={search_term_string}"},"query-input":{"@type":"PropertyValueSpecification","valueRequired":true,"valueName":"search_term_string"}}],"inLanguage":"en-US"},{"@type":"Organization","@id":"https:\/\/butaassos.com.tr\/#organization","name":"Buta Assos","url":"https:\/\/butaassos.com.tr\/","logo":{"@type":"ImageObject","inLanguage":"en-US","@id":"https:\/\/butaassos.com.tr\/#\/schema\/logo\/image\/","url":"https:\/\/butaassos.com.tr\/wp-content\/uploads\/2024\/01\/butaassosicon.png","contentUrl":"https:\/\/butaassos.com.tr\/wp-content\/uploads\/2024\/01\/butaassosicon.png","width":512,"height":512,"caption":"Buta Assos"},"image":{"@id":"https:\/\/butaassos.com.tr\/#\/schema\/logo\/image\/"}},{"@type":"Person","@id":"https:\/\/butaassos.com.tr\/#\/schema\/person\/985f0aec04e4efd39433f6ad6aab3438","name":"Buta Assos","image":{"@type":"ImageObject","inLanguage":"en-US","@id":"https:\/\/butaassos.com.tr\/#\/schema\/person\/image\/","url":"https:\/\/secure.gravatar.com\/avatar\/82db7721b8fdca3a12352ee5f313e78ecdf878272d28f72b4aed4ee3aa884654?s=96&d=mm&r=g","contentUrl":"https:\/\/secure.gravatar.com\/avatar\/82db7721b8fdca3a12352ee5f313e78ecdf878272d28f72b4aed4ee3aa884654?s=96&d=mm&r=g","caption":"Buta Assos"},"url":"https:\/\/butaassos.com.tr\/en\/author\/buta_admin\/"}]}},"_links":{"self":[{"href":"https:\/\/butaassos.com.tr\/en\/wp-json\/wp\/v2\/posts\/1111","targetHints":{"allow":["GET"]}}],"collection":[{"href":"https:\/\/butaassos.com.tr\/en\/wp-json\/wp\/v2\/posts"}],"about":[{"href":"https:\/\/butaassos.com.tr\/en\/wp-json\/wp\/v2\/types\/post"}],"author":[{"embeddable":true,"href":"https:\/\/butaassos.com.tr\/en\/wp-json\/wp\/v2\/users\/2"}],"replies":[{"embeddable":true,"href":"https:\/\/butaassos.com.tr\/en\/wp-json\/wp\/v2\/comments?post=1111"}],"version-history":[{"count":1,"href":"https:\/\/butaassos.com.tr\/en\/wp-json\/wp\/v2\/posts\/1111\/revisions"}],"predecessor-version":[{"id":1113,"href":"https:\/\/butaassos.com.tr\/en\/wp-json\/wp\/v2\/posts\/1111\/revisions\/1113"}],"wp:featuredmedia":[{"embeddable":true,"href":"https:\/\/butaassos.com.tr\/en\/wp-json\/wp\/v2\/media\/1112"}],"wp:attachment":[{"href":"https:\/\/butaassos.com.tr\/en\/wp-json\/wp\/v2\/media?parent=1111"}],"wp:term":[{"taxonomy":"category","embeddable":true,"href":"https:\/\/butaassos.com.tr\/en\/wp-json\/wp\/v2\/categories?post=1111"},{"taxonomy":"post_tag","embeddable":true,"href":"https:\/\/butaassos.com.tr\/en\/wp-json\/wp\/v2\/tags?post=1111"}],"curies":[{"name":"wp","href":"https:\/\/api.w.org\/{rel}","templated":true}]}}